{"id":10170,"date":"2025-12-20T06:59:00","date_gmt":"2025-12-20T05:59:00","guid":{"rendered":"http:\/\/www.pzwnarew.pl\/?p=10170"},"modified":"2025-12-23T15:53:46","modified_gmt":"2025-12-23T14:53:46","slug":"zapisy-na-spotkanie-wigilijne","status":"publish","type":"post","link":"https:\/\/www.pzwnarew.pl\/?p=10170","title":{"rendered":"W\u0119dkarskie spotkanie wigilijne"},"content":{"rendered":"\n<p>W dniu 19.12.2025 (pi\u0105tek) o godzinie 17,30 w &#8222;Zaciszu U\u0142a\u0144skim&#8221; odby\u0142o si\u0119 spotkanie wigilijne w\u0119dkarzy z ko\u0142a PZW Narew. Prezes  ko\u0142a Andrzej Raszkiewicz, z\u0142o\u017cy\u0142 wszystkim obecnym serdeczne \u017cyczenia spokojnych i radosnych \u015bwi\u0105t Bo\u017cego Narodzenia. Wyrazi\u0142 r\u00f3wnie\u017c nadziej\u0119, \u017ce za rok wszyscy spotkaj\u0105 si\u0119 ponownie w tym samym, niezmienionym gronie.<\/p>\n\n\n\n<p>Zanim uczestnicy zasiedli do wigilijnego sto\u0142u, na kt\u00f3rym nie mog\u0142o zabrakn\u0105\u0107 tradycyjnego barszczu, ryb i innych \u015bwi\u0105tecznych potraw, wszyscy prze\u0142amali si\u0119 op\u0142atkiem, sk\u0142adaj\u0105c sobie nawzajem \u017cyczenia.<\/p>\n\n\n\n<p>Wa\u017cnym punktem wieczoru by\u0142o wr\u0119czenie nagrody najlepszego zawodnika 2025 kt\u00f3rym zosta\u0142 \u0141ukasz Romanik.<\/p>\n\n\n\n<figure class=\"wp-block-gallery has-nested-images columns-default is-cropped wp-block-gallery-1 is-layout-flex wp-block-gallery-is-layout-flex\">\n<figure class=\"wp-block-image size-large\"><img loading=\"lazy\" decoding=\"async\" width=\"768\" height=\"1024\" data-id=\"10513\" src=\"https:\/\/www.pzwnarew.pl\/wp-content\/uploads\/2025\/12\/598274662_1298586448962261_3482343982618247206_n-768x1024.jpg\" alt=\"\" class=\"wp-image-10513\" srcset=\"https:\/\/www.pzwnarew.pl\/wp-content\/uploads\/2025\/12\/598274662_1298586448962261_3482343982618247206_n-768x1024.jpg 768w, https:\/\/www.pzwnarew.pl\/wp-content\/uploads\/2025\/12\/598274662_1298586448962261_3482343982618247206_n-225x300.jpg 225w, https:\/\/www.pzwnarew.pl\/wp-content\/uploads\/2025\/12\/598274662_1298586448962261_3482343982618247206_n-1152x1536.jpg 1152w, https:\/\/www.pzwnarew.pl\/wp-content\/uploads\/2025\/12\/598274662_1298586448962261_3482343982618247206_n-9x12.jpg 9w, https:\/\/www.pzwnarew.pl\/wp-content\/uploads\/2025\/12\/598274662_1298586448962261_3482343982618247206_n-203x270.jpg 203w, https:\/\/www.pzwnarew.pl\/wp-content\/uploads\/2025\/12\/598274662_1298586448962261_3482343982618247206_n.jpg 1536w\" sizes=\"auto, (max-width: 768px) 100vw, 768px\" \/><\/figure>\n<\/figure>\n","protected":false},"excerpt":{"rendered":"<p>W dniu 19.12.2025 (pi\u0105tek) o godzinie 17,30 w &#8222;Zaciszu U\u0142a\u0144skim&#8221; odby\u0142o si\u0119 spotkanie wigilijne w\u0119dkarzy z ko\u0142a PZW Narew. Prezes ko\u0142a Andrzej Raszkiewicz, z\u0142o\u017cy\u0142 wszystkim obecnym serdeczne \u017cyczenia spokojnych i radosnych \u015bwi\u0105t Bo\u017cego Narodzenia. Wyrazi\u0142 r\u00f3wnie\u017c nadziej\u0119, \u017ce za rok wszyscy spotkaj\u0105 si\u0119 ponownie w tym samym, niezmienionym gronie. Zanim uczestnicy zasiedli do wigilijnego sto\u0142u, na kt\u00f3rym nie mog\u0142o zabrakn\u0105\u0107 tradycyjnego barszczu, ryb i innych \u015bwi\u0105tecznych potraw, wszyscy prze\u0142amali si\u0119 op\u0142atkiem, sk\u0142adaj\u0105c sobie nawzajem \u017cyczenia. Wa\u017cnym punktem wieczoru by\u0142o wr\u0119czenie&#8230;<\/p>\n<p class=\"read-more\"><a class=\"btn btn-default\" href=\"https:\/\/www.pzwnarew.pl\/?p=10170\"> Read More<span class=\"screen-reader-text\">  Read More<\/span><\/a><\/p>\n","protected":false},"author":2,"featured_media":10513,"comment_status":"closed","ping_status":"closed","sticky":false,"template":"","format":"standard","meta":{"footnotes":""},"categories":[20],"tags":[],"class_list":["post-10170","post","type-post","status-publish","format-standard","has-post-thumbnail","hentry","category-newsy"],"_links":{"self":[{"href":"https:\/\/www.pzwnarew.pl\/index.php?rest_route=\/wp\/v2\/posts\/10170","targetHints":{"allow":["GET"]}}],"collection":[{"href":"https:\/\/www.pzwnarew.pl\/index.php?rest_route=\/wp\/v2\/posts"}],"about":[{"href":"https:\/\/www.pzwnarew.pl\/index.php?rest_route=\/wp\/v2\/types\/post"}],"author":[{"embeddable":true,"href":"https:\/\/www.pzwnarew.pl\/index.php?rest_route=\/wp\/v2\/users\/2"}],"replies":[{"embeddable":true,"href":"https:\/\/www.pzwnarew.pl\/index.php?rest_route=%2Fwp%2Fv2%2Fcomments&post=10170"}],"version-history":[{"count":10,"href":"https:\/\/www.pzwnarew.pl\/index.php?rest_route=\/wp\/v2\/posts\/10170\/revisions"}],"predecessor-version":[{"id":10515,"href":"https:\/\/www.pzwnarew.pl\/index.php?rest_route=\/wp\/v2\/posts\/10170\/revisions\/10515"}],"wp:featuredmedia":[{"embeddable":true,"href":"https:\/\/www.pzwnarew.pl\/index.php?rest_route=\/wp\/v2\/media\/10513"}],"wp:attachment":[{"href":"https:\/\/www.pzwnarew.pl\/index.php?rest_route=%2Fwp%2Fv2%2Fmedia&parent=10170"}],"wp:term":[{"taxonomy":"category","embeddable":true,"href":"https:\/\/www.pzwnarew.pl\/index.php?rest_route=%2Fwp%2Fv2%2Fcategories&post=10170"},{"taxonomy":"post_tag","embeddable":true,"href":"https:\/\/www.pzwnarew.pl\/index.php?rest_route=%2Fwp%2Fv2%2Ftags&post=10170"}],"curies":[{"name":"wp","href":"https:\/\/api.w.org\/{rel}","templated":true}]}}