{"id":10024,"date":"2024-05-26T22:45:46","date_gmt":"2024-05-26T20:45:46","guid":{"rendered":"http:\/\/www.pzwnarew.pl\/?p=10024"},"modified":"2024-06-04T22:49:30","modified_gmt":"2024-06-04T20:49:30","slug":"dzien-rodziny-i-dzien-dziecka-z-kolem-narew-w-dzbeninie","status":"publish","type":"post","link":"https:\/\/www.pzwnarew.pl\/?p=10024","title":{"rendered":"Dzie\u0144 rodziny i Dzie\u0144 dziecka z ko\u0142em Narew w Dzbeninie"},"content":{"rendered":"\n<p>25 maja mn\u00f3stwo atrakcji przygotowali\u015bmy dla dzieci podczas festynu w Dzbeninie.<\/p>\n\n\n\n<p>Program imprezy wype\u0142niony by\u0142 po brzegi r\u00f3\u017cnorodnymi konkursami, pokazami i prezentacjami. Dzieci mog\u0142y sprawdzi\u0107 swoje si\u0142y w przeci\u0105ganiu liny i \u0142owieniu rybek.  Du\u017cym zainteresowaniem cieszy\u0142y si\u0119 te\u017c prezentacje s\u0142u\u017cb: Spo\u0142ecznej Stra\u017cy Rybackiej PZW Narew, Komendy Miejskiej Policji w Ostro\u0142\u0119ce, Ochotniczej Stra\u017cy Po\u017carnej w Dzbeninie i Zak\u0142adu Karnego w Przytu\u0142ach. Wielkie podzi\u0119kowania dla koleg\u00f3w Wojtka i Rafa\u0142a kt\u00f3rzy poprowadzili konkursy w\u0119dkarskie reprezentowali nasze ko\u0142o PZW Narew 38.<\/p>\n\n\n\n<figure class=\"wp-block-image size-large\"><img loading=\"lazy\" decoding=\"async\" width=\"768\" height=\"1024\" src=\"http:\/\/www.pzwnarew.pl\/wp-content\/uploads\/2024\/06\/445161330_852143693606541_2092355831507084656_n-768x1024.jpg\" alt=\"\" class=\"wp-image-10025\" srcset=\"https:\/\/www.pzwnarew.pl\/wp-content\/uploads\/2024\/06\/445161330_852143693606541_2092355831507084656_n-768x1024.jpg 768w, https:\/\/www.pzwnarew.pl\/wp-content\/uploads\/2024\/06\/445161330_852143693606541_2092355831507084656_n-225x300.jpg 225w, https:\/\/www.pzwnarew.pl\/wp-content\/uploads\/2024\/06\/445161330_852143693606541_2092355831507084656_n-1152x1536.jpg 1152w, https:\/\/www.pzwnarew.pl\/wp-content\/uploads\/2024\/06\/445161330_852143693606541_2092355831507084656_n-9x12.jpg 9w, https:\/\/www.pzwnarew.pl\/wp-content\/uploads\/2024\/06\/445161330_852143693606541_2092355831507084656_n-203x270.jpg 203w, https:\/\/www.pzwnarew.pl\/wp-content\/uploads\/2024\/06\/445161330_852143693606541_2092355831507084656_n.jpg 1536w\" sizes=\"auto, (max-width: 768px) 100vw, 768px\" \/><\/figure>\n\n\n\n<figure class=\"wp-block-image size-large\"><img loading=\"lazy\" decoding=\"async\" width=\"768\" height=\"1024\" src=\"http:\/\/www.pzwnarew.pl\/wp-content\/uploads\/2024\/06\/443820153_852210060266571_3025489134488677304_n-768x1024.jpg\" alt=\"\" class=\"wp-image-10027\" srcset=\"https:\/\/www.pzwnarew.pl\/wp-content\/uploads\/2024\/06\/443820153_852210060266571_3025489134488677304_n-768x1024.jpg 768w, https:\/\/www.pzwnarew.pl\/wp-content\/uploads\/2024\/06\/443820153_852210060266571_3025489134488677304_n-225x300.jpg 225w, https:\/\/www.pzwnarew.pl\/wp-content\/uploads\/2024\/06\/443820153_852210060266571_3025489134488677304_n-1152x1536.jpg 1152w, https:\/\/www.pzwnarew.pl\/wp-content\/uploads\/2024\/06\/443820153_852210060266571_3025489134488677304_n-9x12.jpg 9w, https:\/\/www.pzwnarew.pl\/wp-content\/uploads\/2024\/06\/443820153_852210060266571_3025489134488677304_n-203x270.jpg 203w, https:\/\/www.pzwnarew.pl\/wp-content\/uploads\/2024\/06\/443820153_852210060266571_3025489134488677304_n.jpg 1536w\" sizes=\"auto, (max-width: 768px) 100vw, 768px\" \/><\/figure>\n","protected":false},"excerpt":{"rendered":"<p>25 maja mn\u00f3stwo atrakcji przygotowali\u015bmy dla dzieci podczas festynu w Dzbeninie. Program imprezy wype\u0142niony by\u0142 po brzegi r\u00f3\u017cnorodnymi konkursami, pokazami i prezentacjami. Dzieci mog\u0142y sprawdzi\u0107 swoje si\u0142y w przeci\u0105ganiu liny i \u0142owieniu rybek. Du\u017cym zainteresowaniem cieszy\u0142y si\u0119 te\u017c prezentacje s\u0142u\u017cb: Spo\u0142ecznej Stra\u017cy Rybackiej PZW Narew, Komendy Miejskiej Policji w Ostro\u0142\u0119ce, Ochotniczej Stra\u017cy Po\u017carnej w Dzbeninie i Zak\u0142adu Karnego w Przytu\u0142ach. Wielkie podzi\u0119kowania dla koleg\u00f3w Wojtka i Rafa\u0142a kt\u00f3rzy poprowadzili konkursy w\u0119dkarskie reprezentowali nasze ko\u0142o PZW Narew 38.<\/p>\n","protected":false},"author":2,"featured_media":10026,"comment_status":"closed","ping_status":"closed","sticky":false,"template":"","format":"standard","meta":{"footnotes":""},"categories":[20],"tags":[],"class_list":["post-10024","post","type-post","status-publish","format-standard","has-post-thumbnail","hentry","category-newsy"],"_links":{"self":[{"href":"https:\/\/www.pzwnarew.pl\/index.php?rest_route=\/wp\/v2\/posts\/10024","targetHints":{"allow":["GET"]}}],"collection":[{"href":"https:\/\/www.pzwnarew.pl\/index.php?rest_route=\/wp\/v2\/posts"}],"about":[{"href":"https:\/\/www.pzwnarew.pl\/index.php?rest_route=\/wp\/v2\/types\/post"}],"author":[{"embeddable":true,"href":"https:\/\/www.pzwnarew.pl\/index.php?rest_route=\/wp\/v2\/users\/2"}],"replies":[{"embeddable":true,"href":"https:\/\/www.pzwnarew.pl\/index.php?rest_route=%2Fwp%2Fv2%2Fcomments&post=10024"}],"version-history":[{"count":3,"href":"https:\/\/www.pzwnarew.pl\/index.php?rest_route=\/wp\/v2\/posts\/10024\/revisions"}],"predecessor-version":[{"id":10032,"href":"https:\/\/www.pzwnarew.pl\/index.php?rest_route=\/wp\/v2\/posts\/10024\/revisions\/10032"}],"wp:featuredmedia":[{"embeddable":true,"href":"https:\/\/www.pzwnarew.pl\/index.php?rest_route=\/wp\/v2\/media\/10026"}],"wp:attachment":[{"href":"https:\/\/www.pzwnarew.pl\/index.php?rest_route=%2Fwp%2Fv2%2Fmedia&parent=10024"}],"wp:term":[{"taxonomy":"category","embeddable":true,"href":"https:\/\/www.pzwnarew.pl\/index.php?rest_route=%2Fwp%2Fv2%2Fcategories&post=10024"},{"taxonomy":"post_tag","embeddable":true,"href":"https:\/\/www.pzwnarew.pl\/index.php?rest_route=%2Fwp%2Fv2%2Ftags&post=10024"}],"curies":[{"name":"wp","href":"https:\/\/api.w.org\/{rel}","templated":true}]}}